{"id":677,"date":"2019-06-20T10:00:59","date_gmt":"2019-06-20T09:00:59","guid":{"rendered":"https:\/\/www.dangelashoes.com\/blog\/?p=677"},"modified":"2019-08-29T13:09:56","modified_gmt":"2019-08-29T12:09:56","slug":"exito-de-dangela-en-la-feria-internacional-expo-riva-schuh","status":"publish","type":"post","link":"https:\/\/www.dangelashoes.com\/blog\/exito-de-dangela-en-la-feria-internacional-expo-riva-schuh\/","title":{"rendered":"\u00c9xito de D\u2019Angela en la Feria Internacional Expo Riva Schuh 2019"},"content":{"rendered":"\n<p><strong>D\u2019Angela ha participado en Expo Riva Schuh 2019, uno de los salones de calzado m\u00e1s relevantes de Europa, celebrado del 15 al 18 de Junio en la ciudad italiana Riva del Garda (Italia).<\/strong><\/p>\n\n\n\n<p>El evento cont\u00f3 con la\nparticipaci\u00f3n de m\u00e1s de 1.450 expositores de los cuales el 76% son\ninternacionales procedentes de m\u00e1s de 40 pa\u00edses y alrededor de 13.000\nvisitantes. Expo Riva Schuh es actualmente la principal feria internacional\npara el calzado de volumen de gama media y el primer evento en el calendario\ninternacional para la presentaci\u00f3n de las nuevas colecciones de calzado para el\nverano 2020. <\/p>\n\n\n\n<p>Como en a\u00f1os anteriores,\nla presencia de firmas espa\u00f1olas en esta 92\u00ba edici\u00f3n ha sido una de las m\u00e1s\ndestacadas, sumando un total de 53 firmas nacionales que han participado a\ntrav\u00e9s de FICE en representaci\u00f3n de 70 marcas.<\/p>\n\n\n\n<figure class=\"wp-block-image\"><img loading=\"lazy\" width=\"1024\" height=\"768\" src=\"https:\/\/www.dangelashoes.com\/blog\/wp-content\/uploads\/2019\/06\/PHOTO-2019-06-17-09-19-54-1024x768.jpg\" alt=\"\" class=\"wp-image-680\" srcset=\"https:\/\/www.dangelashoes.com\/blog\/wp-content\/uploads\/2019\/06\/PHOTO-2019-06-17-09-19-54-1024x768.jpg 1024w, https:\/\/www.dangelashoes.com\/blog\/wp-content\/uploads\/2019\/06\/PHOTO-2019-06-17-09-19-54-300x225.jpg 300w, https:\/\/www.dangelashoes.com\/blog\/wp-content\/uploads\/2019\/06\/PHOTO-2019-06-17-09-19-54-768x576.jpg 768w, https:\/\/www.dangelashoes.com\/blog\/wp-content\/uploads\/2019\/06\/PHOTO-2019-06-17-09-19-54-1080x810.jpg 1080w, https:\/\/www.dangelashoes.com\/blog\/wp-content\/uploads\/2019\/06\/PHOTO-2019-06-17-09-19-54.jpg 1600w\" sizes=\"(max-width: 1024px) 100vw, 1024px\" \/><\/figure>\n\n\n\n<h2><strong>La presencia de D\u2019Angela\ngener\u00f3 gran expectaci\u00f3n en la feria Italiana<\/strong><\/h2>\n\n\n\n<p>La presencia de D\u2019Angela caus\u00f3 gran expectaci\u00f3n en Expo Riva Schuh 2019, atrayendo m\u00faltiples visitas al stand para conocer de primera mano las nueva colecci\u00f3n de la marca de calzado femenino para la pr\u00f3xima temporada primavera-verano 2020 y comenzar a hacer sus pedidos. <\/p>\n\n\n\n<p>Clientes y visitantes\napreciaron la calidad y originalidad de los&nbsp;nuevos dise\u00f1os de\nD\u2019Angela.&nbsp;Una colecci\u00f3n fresca, femenina y de \u00faltima tendencia repleta de\nsandalias en los m\u00e1s variados estilos; planas, con cu\u00f1a, con tac\u00f3n, de fiesta\u2026\nAdem\u00e1s de elegantes zapatos de tac\u00f3n con distintas alturas, e innovadoras\nsneakers<\/p>\n\n\n\n<figure class=\"wp-block-image\"><img loading=\"lazy\" width=\"1024\" height=\"768\" src=\"https:\/\/www.dangelashoes.com\/blog\/wp-content\/uploads\/2019\/06\/0c3afe17-4e23-4ddc-80a6-21b8ebe50d02-1024x768.jpg\" alt=\"\" class=\"wp-image-681\" srcset=\"https:\/\/www.dangelashoes.com\/blog\/wp-content\/uploads\/2019\/06\/0c3afe17-4e23-4ddc-80a6-21b8ebe50d02.jpg 1024w, https:\/\/www.dangelashoes.com\/blog\/wp-content\/uploads\/2019\/06\/0c3afe17-4e23-4ddc-80a6-21b8ebe50d02-300x225.jpg 300w, https:\/\/www.dangelashoes.com\/blog\/wp-content\/uploads\/2019\/06\/0c3afe17-4e23-4ddc-80a6-21b8ebe50d02-768x576.jpg 768w\" sizes=\"(max-width: 1024px) 100vw, 1024px\" \/><\/figure>\n\n\n\n<h2><strong>D\u2019Angela ha cumplido positivamente sus expectativas en Expo Riva Schuh<\/strong> 2019<\/h2>\n\n\n\n<p>Las creaciones de\nD\u2019Angela conjugan estilo urbano y sofisticado, comodidad, versatilidad y\ncalidad. Siguiendo esta premisa, la marca apuesta temporada tras temporada por\nuna amplia gama de dise\u00f1os, donde tienen cabida todos esos zapatos considerados\n\u201cmust have\u201d por fashionistas, influencers y celebrities.<\/p>\n\n\n\n<p>D\u2019Angela ha valorado muy positivamente su presencia en Expo Riva Schuh 2019. La direcci\u00f3n y equipo humano de la marca quiere dar las gracias a todos sus clientes italianos y a todos aquellos visitantes que se acercaron al stand, por el gran recibimiento y acogida de sus novedades, as\u00ed como agradecer el trato y atenci\u00f3n al staff de la feria.<\/p>\n","protected":false},"excerpt":{"rendered":"<p>D\u2019Angela ha participado en Expo Riva Schuh 2019, uno de los salones de calzado m\u00e1s relevantes de Europa, celebrado del 15 al 18 de Junio en la ciudad italiana Riva del Garda (Italia). El evento cont\u00f3 con la participaci\u00f3n de m\u00e1s de 1.450 expositores de los cuales el 76% son internacionales procedentes de m\u00e1s de [&hellip;]<\/p>\n","protected":false},"author":1,"featured_media":679,"comment_status":"closed","ping_status":"closed","sticky":false,"template":"","format":"standard","meta":[],"categories":[1],"tags":[],"yoast_head":"<!-- This site is optimized with the Yoast SEO plugin v19.3 - https:\/\/yoast.com\/wordpress\/plugins\/seo\/ -->\n<title>Expo Riva Schuh 2019: \u00c9xito de D\u2019Angela en la Feria Internacional<\/title>\n<meta name=\"description\" content=\"D\u2019Angela ha participado en Expo Riva Schuh 2019, una de las ferias de calzado m\u00e1s relevantes de Europa celebradas en la ciudad italiana Riva del Garda.\" \/>\n<meta name=\"robots\" content=\"index, follow, max-snippet:-1, max-image-preview:large, max-video-preview:-1\" \/>\n<link rel=\"canonical\" href=\"https:\/\/www.dangelashoes.com\/blog\/exito-de-dangela-en-la-feria-internacional-expo-riva-schuh\/\" \/>\n<meta property=\"og:locale\" content=\"es_ES\" \/>\n<meta property=\"og:type\" content=\"article\" \/>\n<meta property=\"og:title\" content=\"Expo Riva Schuh 2019: \u00c9xito de D\u2019Angela en la Feria Internacional\" \/>\n<meta property=\"og:description\" content=\"D\u2019Angela ha participado en Expo Riva Schuh 2019, una de las ferias de calzado m\u00e1s relevantes de Europa celebradas en la ciudad italiana Riva del Garda.\" \/>\n<meta property=\"og:url\" content=\"https:\/\/www.dangelashoes.com\/blog\/exito-de-dangela-en-la-feria-internacional-expo-riva-schuh\/\" \/>\n<meta property=\"og:site_name\" content=\"D&#039;Angela Store\" \/>\n<meta property=\"article:published_time\" content=\"2019-06-20T09:00:59+00:00\" \/>\n<meta property=\"article:modified_time\" content=\"2019-08-29T12:09:56+00:00\" \/>\n<meta property=\"og:image\" content=\"https:\/\/www.dangelashoes.com\/blog\/wp-content\/uploads\/2019\/06\/64532059_1223380017843799_4678401562207322112_n.jpg\" \/>\n\t<meta property=\"og:image:width\" content=\"960\" \/>\n\t<meta property=\"og:image:height\" content=\"610\" \/>\n\t<meta property=\"og:image:type\" content=\"image\/jpeg\" \/>\n<meta name=\"author\" content=\"admin\" \/>\n<meta name=\"twitter:card\" content=\"summary\" \/>\n<meta name=\"twitter:label1\" content=\"Escrito por\" \/>\n\t<meta name=\"twitter:data1\" content=\"admin\" \/>\n\t<meta name=\"twitter:label2\" content=\"Tiempo de lectura\" \/>\n\t<meta name=\"twitter:data2\" content=\"2 minutos\" \/>\n<script type=\"application\/ld+json\" class=\"yoast-schema-graph\">{\"@context\":\"https:\/\/schema.org\",\"@graph\":[{\"@type\":\"WebSite\",\"@id\":\"https:\/\/www.dangelashoes.com\/blog\/#website\",\"url\":\"https:\/\/www.dangelashoes.com\/blog\/\",\"name\":\"D&#039;Angela Store\",\"description\":\"Moda\",\"potentialAction\":[{\"@type\":\"SearchAction\",\"target\":{\"@type\":\"EntryPoint\",\"urlTemplate\":\"https:\/\/www.dangelashoes.com\/blog\/?s={search_term_string}\"},\"query-input\":\"required name=search_term_string\"}],\"inLanguage\":\"es\"},{\"@type\":\"ImageObject\",\"inLanguage\":\"es\",\"@id\":\"https:\/\/www.dangelashoes.com\/blog\/exito-de-dangela-en-la-feria-internacional-expo-riva-schuh\/#primaryimage\",\"url\":\"https:\/\/www.dangelashoes.com\/blog\/wp-content\/uploads\/2019\/06\/64532059_1223380017843799_4678401562207322112_n.jpg\",\"contentUrl\":\"https:\/\/www.dangelashoes.com\/blog\/wp-content\/uploads\/2019\/06\/64532059_1223380017843799_4678401562207322112_n.jpg\",\"width\":960,\"height\":610},{\"@type\":\"WebPage\",\"@id\":\"https:\/\/www.dangelashoes.com\/blog\/exito-de-dangela-en-la-feria-internacional-expo-riva-schuh\/\",\"url\":\"https:\/\/www.dangelashoes.com\/blog\/exito-de-dangela-en-la-feria-internacional-expo-riva-schuh\/\",\"name\":\"Expo Riva Schuh 2019: \u00c9xito de D\u2019Angela en la Feria Internacional\",\"isPartOf\":{\"@id\":\"https:\/\/www.dangelashoes.com\/blog\/#website\"},\"primaryImageOfPage\":{\"@id\":\"https:\/\/www.dangelashoes.com\/blog\/exito-de-dangela-en-la-feria-internacional-expo-riva-schuh\/#primaryimage\"},\"datePublished\":\"2019-06-20T09:00:59+00:00\",\"dateModified\":\"2019-08-29T12:09:56+00:00\",\"author\":{\"@id\":\"https:\/\/www.dangelashoes.com\/blog\/#\/schema\/person\/a331cbc94982d6f5645e39407f2d44ac\"},\"description\":\"D\u2019Angela ha participado en Expo Riva Schuh 2019, una de las ferias de calzado m\u00e1s relevantes de Europa celebradas en la ciudad italiana Riva del Garda.\",\"breadcrumb\":{\"@id\":\"https:\/\/www.dangelashoes.com\/blog\/exito-de-dangela-en-la-feria-internacional-expo-riva-schuh\/#breadcrumb\"},\"inLanguage\":\"es\",\"potentialAction\":[{\"@type\":\"ReadAction\",\"target\":[\"https:\/\/www.dangelashoes.com\/blog\/exito-de-dangela-en-la-feria-internacional-expo-riva-schuh\/\"]}]},{\"@type\":\"BreadcrumbList\",\"@id\":\"https:\/\/www.dangelashoes.com\/blog\/exito-de-dangela-en-la-feria-internacional-expo-riva-schuh\/#breadcrumb\",\"itemListElement\":[{\"@type\":\"ListItem\",\"position\":1,\"name\":\"Portada\",\"item\":\"https:\/\/www.dangelashoes.com\/blog\/\"},{\"@type\":\"ListItem\",\"position\":2,\"name\":\"\u00c9xito de D\u2019Angela en la Feria Internacional Expo Riva Schuh 2019\"}]},{\"@type\":\"Person\",\"@id\":\"https:\/\/www.dangelashoes.com\/blog\/#\/schema\/person\/a331cbc94982d6f5645e39407f2d44ac\",\"name\":\"admin\",\"image\":{\"@type\":\"ImageObject\",\"inLanguage\":\"es\",\"@id\":\"https:\/\/www.dangelashoes.com\/blog\/#\/schema\/person\/image\/\",\"url\":\"https:\/\/secure.gravatar.com\/avatar\/68df0ca1d43f83f2e2233ef4583f5fab?s=96&d=mm&r=g\",\"contentUrl\":\"https:\/\/secure.gravatar.com\/avatar\/68df0ca1d43f83f2e2233ef4583f5fab?s=96&d=mm&r=g\",\"caption\":\"admin\"},\"url\":\"https:\/\/www.dangelashoes.com\/blog\/author\/david\/\"}]}<\/script>\n<!-- \/ Yoast SEO plugin. -->","yoast_head_json":{"title":"Expo Riva Schuh 2019: \u00c9xito de D\u2019Angela en la Feria Internacional","description":"D\u2019Angela ha participado en Expo Riva Schuh 2019, una de las ferias de calzado m\u00e1s relevantes de Europa celebradas en la ciudad italiana Riva del Garda.","robots":{"index":"index","follow":"follow","max-snippet":"max-snippet:-1","max-image-preview":"max-image-preview:large","max-video-preview":"max-video-preview:-1"},"canonical":"https:\/\/www.dangelashoes.com\/blog\/exito-de-dangela-en-la-feria-internacional-expo-riva-schuh\/","og_locale":"es_ES","og_type":"article","og_title":"Expo Riva Schuh 2019: \u00c9xito de D\u2019Angela en la Feria Internacional","og_description":"D\u2019Angela ha participado en Expo Riva Schuh 2019, una de las ferias de calzado m\u00e1s relevantes de Europa celebradas en la ciudad italiana Riva del Garda.","og_url":"https:\/\/www.dangelashoes.com\/blog\/exito-de-dangela-en-la-feria-internacional-expo-riva-schuh\/","og_site_name":"D&#039;Angela Store","article_published_time":"2019-06-20T09:00:59+00:00","article_modified_time":"2019-08-29T12:09:56+00:00","og_image":[{"width":960,"height":610,"url":"https:\/\/www.dangelashoes.com\/blog\/wp-content\/uploads\/2019\/06\/64532059_1223380017843799_4678401562207322112_n.jpg","type":"image\/jpeg"}],"author":"admin","twitter_card":"summary","twitter_misc":{"Escrito por":"admin","Tiempo de lectura":"2 minutos"},"schema":{"@context":"https:\/\/schema.org","@graph":[{"@type":"WebSite","@id":"https:\/\/www.dangelashoes.com\/blog\/#website","url":"https:\/\/www.dangelashoes.com\/blog\/","name":"D&#039;Angela Store","description":"Moda","potentialAction":[{"@type":"SearchAction","target":{"@type":"EntryPoint","urlTemplate":"https:\/\/www.dangelashoes.com\/blog\/?s={search_term_string}"},"query-input":"required name=search_term_string"}],"inLanguage":"es"},{"@type":"ImageObject","inLanguage":"es","@id":"https:\/\/www.dangelashoes.com\/blog\/exito-de-dangela-en-la-feria-internacional-expo-riva-schuh\/#primaryimage","url":"https:\/\/www.dangelashoes.com\/blog\/wp-content\/uploads\/2019\/06\/64532059_1223380017843799_4678401562207322112_n.jpg","contentUrl":"https:\/\/www.dangelashoes.com\/blog\/wp-content\/uploads\/2019\/06\/64532059_1223380017843799_4678401562207322112_n.jpg","width":960,"height":610},{"@type":"WebPage","@id":"https:\/\/www.dangelashoes.com\/blog\/exito-de-dangela-en-la-feria-internacional-expo-riva-schuh\/","url":"https:\/\/www.dangelashoes.com\/blog\/exito-de-dangela-en-la-feria-internacional-expo-riva-schuh\/","name":"Expo Riva Schuh 2019: \u00c9xito de D\u2019Angela en la Feria Internacional","isPartOf":{"@id":"https:\/\/www.dangelashoes.com\/blog\/#website"},"primaryImageOfPage":{"@id":"https:\/\/www.dangelashoes.com\/blog\/exito-de-dangela-en-la-feria-internacional-expo-riva-schuh\/#primaryimage"},"datePublished":"2019-06-20T09:00:59+00:00","dateModified":"2019-08-29T12:09:56+00:00","author":{"@id":"https:\/\/www.dangelashoes.com\/blog\/#\/schema\/person\/a331cbc94982d6f5645e39407f2d44ac"},"description":"D\u2019Angela ha participado en Expo Riva Schuh 2019, una de las ferias de calzado m\u00e1s relevantes de Europa celebradas en la ciudad italiana Riva del Garda.","breadcrumb":{"@id":"https:\/\/www.dangelashoes.com\/blog\/exito-de-dangela-en-la-feria-internacional-expo-riva-schuh\/#breadcrumb"},"inLanguage":"es","potentialAction":[{"@type":"ReadAction","target":["https:\/\/www.dangelashoes.com\/blog\/exito-de-dangela-en-la-feria-internacional-expo-riva-schuh\/"]}]},{"@type":"BreadcrumbList","@id":"https:\/\/www.dangelashoes.com\/blog\/exito-de-dangela-en-la-feria-internacional-expo-riva-schuh\/#breadcrumb","itemListElement":[{"@type":"ListItem","position":1,"name":"Portada","item":"https:\/\/www.dangelashoes.com\/blog\/"},{"@type":"ListItem","position":2,"name":"\u00c9xito de D\u2019Angela en la Feria Internacional Expo Riva Schuh 2019"}]},{"@type":"Person","@id":"https:\/\/www.dangelashoes.com\/blog\/#\/schema\/person\/a331cbc94982d6f5645e39407f2d44ac","name":"admin","image":{"@type":"ImageObject","inLanguage":"es","@id":"https:\/\/www.dangelashoes.com\/blog\/#\/schema\/person\/image\/","url":"https:\/\/secure.gravatar.com\/avatar\/68df0ca1d43f83f2e2233ef4583f5fab?s=96&d=mm&r=g","contentUrl":"https:\/\/secure.gravatar.com\/avatar\/68df0ca1d43f83f2e2233ef4583f5fab?s=96&d=mm&r=g","caption":"admin"},"url":"https:\/\/www.dangelashoes.com\/blog\/author\/david\/"}]}},"_links":{"self":[{"href":"https:\/\/www.dangelashoes.com\/blog\/wp-json\/wp\/v2\/posts\/677"}],"collection":[{"href":"https:\/\/www.dangelashoes.com\/blog\/wp-json\/wp\/v2\/posts"}],"about":[{"href":"https:\/\/www.dangelashoes.com\/blog\/wp-json\/wp\/v2\/types\/post"}],"author":[{"embeddable":true,"href":"https:\/\/www.dangelashoes.com\/blog\/wp-json\/wp\/v2\/users\/1"}],"replies":[{"embeddable":true,"href":"https:\/\/www.dangelashoes.com\/blog\/wp-json\/wp\/v2\/comments?post=677"}],"version-history":[{"count":4,"href":"https:\/\/www.dangelashoes.com\/blog\/wp-json\/wp\/v2\/posts\/677\/revisions"}],"predecessor-version":[{"id":895,"href":"https:\/\/www.dangelashoes.com\/blog\/wp-json\/wp\/v2\/posts\/677\/revisions\/895"}],"wp:featuredmedia":[{"embeddable":true,"href":"https:\/\/www.dangelashoes.com\/blog\/wp-json\/wp\/v2\/media\/679"}],"wp:attachment":[{"href":"https:\/\/www.dangelashoes.com\/blog\/wp-json\/wp\/v2\/media?parent=677"}],"wp:term":[{"taxonomy":"category","embeddable":true,"href":"https:\/\/www.dangelashoes.com\/blog\/wp-json\/wp\/v2\/categories?post=677"},{"taxonomy":"post_tag","embeddable":true,"href":"https:\/\/www.dangelashoes.com\/blog\/wp-json\/wp\/v2\/tags?post=677"}],"curies":[{"name":"wp","href":"https:\/\/api.w.org\/{rel}","templated":true}]}}